{"id":1860,"date":"2014-10-13T11:47:00","date_gmt":"2014-10-13T11:47:00","guid":{"rendered":"https:\/\/enricservera.com\/exposicio-mascares-post-talaiotiques-a-oslographic-barceloneta\/"},"modified":"2014-10-13T11:47:00","modified_gmt":"2014-10-13T11:47:00","slug":"exposicio-mascares-post-talaiotiques-a-oslographic-barceloneta","status":"publish","type":"post","link":"https:\/\/enricservera.com\/es\/exposicio-mascares-post-talaiotiques-a-oslographic-barceloneta\/","title":{"rendered":"Exposici\u00f3n M\u00c1SCARAS POST-TALAI\u00d3TICAS en Oslographic Barceloneta"},"content":{"rendered":"<div style=\"clear: both; text-align: center;\"><a href=\"http:\/\/oslographic.org\/esdeveniment\/mascares-post-talaiotiques\/\" target=\"_blank\" rel=\"noopener noreferrer\"><img decoding=\"async\" border=\"0\" data-src=\"http:\/\/3.bp.blogspot.com\/-o_Qct2VGrPk\/VDu6mUuzY4I\/AAAAAAAAUQQ\/iM46FYALy1w\/s1600\/10685612_932934300053281_5431062484828896670_n.jpg\" height=\"640\" width=\"452\" src=\"data:image\/gif;base64,R0lGODlhAQABAAAAACH5BAEKAAEALAAAAAABAAEAAAICTAEAOw==\" class=\"lazyload\" style=\"--smush-placeholder-width: 452px; --smush-placeholder-aspect-ratio: 452\/640;\" \/><\/a><\/div>\n<div style=\"clear: both; text-align: center;\"><\/div>\n<div style=\"background-color: white; border: 0px; color: #555555; font-family: 'Open Sans', arial, sans-serif; line-height: 25.5px; margin-bottom: 1em; outline: 0px; padding: 0px; vertical-align: baseline;\">El pr\u00f3ximo jueves d\u00eda 16 de octubre le invitamos a la inauguraci\u00f3n de la exposici\u00f3n de<span style=\"border: 0px; font-family: inherit; font-style: inherit; font-weight: 700; margin: 0px; outline: 0px; padding: 0px; vertical-align: baseline;\">Enric Servera<\/span>:&nbsp;<span style=\"border: 0px; font-family: inherit; font-style: inherit; font-weight: 700; margin: 0px; outline: 0px; padding: 0px; vertical-align: baseline;\"><em style=\"border: 0px; font-family: inherit; font-weight: inherit; margin: 0px; outline: 0px; padding: 0px; vertical-align: baseline;\">M\u00e1scaras Post-Talay\u00f3ticas<\/em>.<\/span><\/div>\n<div style=\"background-color: white; border: 0px; color: #555555; font-family: 'Open Sans', arial, sans-serif; line-height: 25.5px; margin-bottom: 1em; outline: 0px; padding: 0px; vertical-align: baseline;\"><em style=\"border: 0px; font-family: inherit; font-weight: inherit; margin: 0px; outline: 0px; padding: 0px; vertical-align: baseline;\">\u2014 M\u00e1scaras art\u00edsticas y rituales inspiradas en los antiguos habitantes talay\u00f3ticos menorquines. Es una invenci\u00f3n libre de lo que podr\u00eda ser el arte primitivo de estos pobladores de la isla en la actualidad. Los talay\u00f3ticos creaban sus poblados y monumentos con las grandes piedras que encontraban por el campo. Yo he creado estos personajes, con aire primitivo, con materiales encontrados en la orilla del mar de Menorca. Son de maderas, pl\u00e1sticos, restos de redes, cuerdas\u2026 todo desperdicios humanos actuales. Es un recuerdo y un peque\u00f1o homenaje a mis antepasados de hace m\u00e1s de 3000 a\u00f1os \u2013&nbsp;<\/em><span style=\"border: 0px; font-family: inherit; font-style: inherit; font-weight: 700; margin: 0px; outline: 0px; padding: 0px; vertical-align: baseline;\">Enric Servera<\/span><\/div>\n<div style=\"background-color: white; border: 0px; color: #555555; font-family: 'Open Sans', arial, sans-serif; line-height: 25.5px; margin-bottom: 1em; outline: 0px; padding: 0px; vertical-align: baseline;\">El acto estar\u00e1 amenizado con m\u00fasica en directo de la mano de&nbsp;<span style=\"border: 0px; font-family: inherit; font-style: inherit; font-weight: 700; margin: 0px; outline: 0px; padding: 0px; vertical-align: baseline;\"><em style=\"border: 0px; font-family: inherit; font-weight: inherit; margin: 0px; outline: 0px; padding: 0px; vertical-align: baseline;\">EUDAIMONIA ENSAMBLE<\/em><\/span>, con cactering especial del propio autor y con cerveza y vino para echar abajo gracias a la colaboraci\u00f3n de<a href=\"http:\/\/www.estrelladamm.com\/\" style=\"border: 0px; color: #993333; font-family: inherit; font-style: inherit; font-weight: 600; margin: 0px; outline: 0px; padding: 0px; text-decoration: none; vertical-align: baseline;\" target=\"_blank\" rel=\"noopener noreferrer\">Estrella Damm<\/a>&nbsp;y&nbsp;<span style=\"border: 0px; font-family: inherit; font-style: inherit; font-weight: 700; margin: 0px; outline: 0px; padding: 0px; vertical-align: baseline;\"><a href=\"http:\/\/www.elviapunt.com\/cat\/cat-index.php\" style=\"border: 0px; color: #993333; font-family: inherit; font-style: inherit; margin: 0px; outline: 0px; padding: 0px; text-decoration: none; vertical-align: baseline;\" target=\"_blank\" title=\"El vino listo\" rel=\"noopener noreferrer\">El vino listo<\/a>.<\/span><\/div>\n<div style=\"background-color: white; border: 0px; color: #555555; font-family: 'Open Sans', arial, sans-serif; line-height: 25.5px; margin-bottom: 1em; outline: 0px; padding: 0px; vertical-align: baseline;\">\u00a1Os esperamos!<\/div>\n<p><\/p>","protected":false},"excerpt":{"rendered":"<p>El pr\u00f3ximo jueves d\u00eda 16 de octubre le invitamos a la inauguraci\u00f3n de la exposici\u00f3n de Enric Servera: M\u00e1scaras Post-Talay\u00f3ticas. \u2014 M\u00e1scaras art\u00edsticas y rituales inspiradas en los antiguos habitantes talay\u00f3ticos menorquines. Es una invenci\u00f3n libre de lo que podr\u00eda ser el arte primitivo de estos pobladores de la isla en la actualidad. Los talay\u00f3ticos creaban sus poblados y monumentos con las grandes piedras que [\u2026]<\/p>","protected":false},"author":3,"featured_media":0,"comment_status":"open","ping_status":"open","sticky":false,"template":"","format":"standard","meta":{"footnotes":""},"categories":[52],"tags":[],"class_list":["post-1860","post","type-post","status-publish","format-standard","hentry","category-sin-categoria-ca"],"_links":{"self":[{"href":"https:\/\/enricservera.com\/es\/wp-json\/wp\/v2\/posts\/1860","targetHints":{"allow":["GET"]}}],"collection":[{"href":"https:\/\/enricservera.com\/es\/wp-json\/wp\/v2\/posts"}],"about":[{"href":"https:\/\/enricservera.com\/es\/wp-json\/wp\/v2\/types\/post"}],"author":[{"embeddable":true,"href":"https:\/\/enricservera.com\/es\/wp-json\/wp\/v2\/users\/3"}],"replies":[{"embeddable":true,"href":"https:\/\/enricservera.com\/es\/wp-json\/wp\/v2\/comments?post=1860"}],"version-history":[{"count":0,"href":"https:\/\/enricservera.com\/es\/wp-json\/wp\/v2\/posts\/1860\/revisions"}],"wp:attachment":[{"href":"https:\/\/enricservera.com\/es\/wp-json\/wp\/v2\/media?parent=1860"}],"wp:term":[{"taxonomy":"category","embeddable":true,"href":"https:\/\/enricservera.com\/es\/wp-json\/wp\/v2\/categories?post=1860"},{"taxonomy":"post_tag","embeddable":true,"href":"https:\/\/enricservera.com\/es\/wp-json\/wp\/v2\/tags?post=1860"}],"curies":[{"name":"wp","href":"https:\/\/api.w.org\/{rel}","templated":true}]}}