{"id":1856,"date":"2015-03-29T22:06:00","date_gmt":"2015-03-29T22:06:00","guid":{"rendered":"https:\/\/enricservera.com\/exposicio-mascares-post-talaiotiques-a-loceanografic-de-valencia\/"},"modified":"2015-03-29T22:06:00","modified_gmt":"2015-03-29T22:06:00","slug":"exposicio-mascares-post-talaiotiques-a-loceanografic-de-valencia","status":"publish","type":"post","link":"https:\/\/enricservera.com\/ca\/exposicio-mascares-post-talaiotiques-a-loceanografic-de-valencia\/","title":{"rendered":"Exposici\u00f3 M\u00e0scares Post-Talai\u00f2tiques a l&#8217;Oceanogr\u00e0fic de Val\u00e8ncia"},"content":{"rendered":"<div style=\"background-color: white; color: #222222; font-family: arial, sans-serif; font-size: 12.8000001907349px; text-align: center;\"><span style=\"font-size: medium;\">Exposici\u00f3&nbsp;<b>M\u00c0SCARES&nbsp;Post-<wbr><\/wbr>Talai\u00f2tiques<\/b>&nbsp;<a href=\"https:\/\/enricservera.com\/\" style=\"color: #1155cc;\" target=\"_blank\" rel=\"noopener noreferrer\">d&#8217;Enric Servera<\/a>&nbsp;que s&#8217;inaugura<\/span><\/div>\n<div style=\"background-color: white; color: #222222; font-family: arial, sans-serif; font-size: 12.8000001907349px; text-align: center;\"><span style=\"font-size: medium;\">dijous 2 d&#8217;abril a partir de les 10:30h a&nbsp;l&#8217;OCEANOGR\u00c0FIC- Ciutat de les Arts i les Ci\u00e8ncies de Val\u00e8ncia.<\/span><\/div>\n<div style=\"background-color: white; color: #222222; font-family: arial, sans-serif; font-size: 12.8000001907349px; text-align: center;\"><span style=\"font-size: 12.8000001907349px;\"><\/span>Edifici d&#8217;acc\u00e9s.&nbsp;<span style=\"line-height: 14.6545457839966px;\">C\/ Eduardo Primo Y\u00fafera (Cient\u00edfico), 1B, 46013 Valencia<\/span><\/div>\n<div style=\"background-color: white; color: #222222; font-family: arial, sans-serif; font-size: 12.8000001907349px; text-align: center;\"><span style=\"line-height: 14.6545457839966px;\"><br \/><\/span><\/div>\n<div style=\"background-color: white; color: #222222; font-family: arial, sans-serif; font-size: 12.8000001907349px; text-align: center;\"><span style=\"line-height: 14.6545457839966px;\">Del 2 d&#8217;abril al 31 de maig<\/span><\/div>\n<div style=\"clear: both; text-align: center;\"><a href=\"https:\/\/www.facebook.com\/enric.serveracarreras\/media_set?set=a.1054745941206296.1073741836.100000127016935&amp;type=1&amp;pnref=story\" target=\"_blank\" rel=\"noopener noreferrer\"><img decoding=\"async\" border=\"0\" height=\"478\" data-src=\"http:\/\/1.bp.blogspot.com\/-2ZePjg9XW2U\/VRh3H-H4OfI\/AAAAAAAAUYU\/mCBnAzqD3ik\/s1600\/2292%2BMascaras%2Bpost%2Btalaiotiques_v5_M-pp.jpg\" width=\"640\" src=\"data:image\/gif;base64,R0lGODlhAQABAAAAACH5BAEKAAEALAAAAAABAAEAAAICTAEAOw==\" class=\"lazyload\" style=\"--smush-placeholder-width: 640px; --smush-placeholder-aspect-ratio: 640\/478;\" \/><\/a><a href=\"https:\/\/www.facebook.com\/enric.serveracarreras\/media_set?set=a.1054745941206296.1073741836.100000127016935&amp;type=1&amp;pnref=story\" target=\"_blank\" rel=\"noopener noreferrer\">FOTOS EXPOSICI\u00d3<\/a><\/div>\n<div style=\"background-color: white; color: #222222; font-family: arial, sans-serif; font-size: 12.8000001907349px; text-align: center;\"><span style=\"line-height: 14.6545457839966px;\"><br \/><\/span><\/div>\n","protected":false},"excerpt":{"rendered":"<p>Exposici\u00f3&nbsp;M\u00c0SCARES&nbsp;Post-Talai\u00f2tiques&nbsp;d&#8217;Enric Servera&nbsp;que s&#8217;inaugura dijous 2 d&#8217;abril a partir de les 10:30h a&nbsp;l&#8217;OCEANOGR\u00c0FIC- Ciutat de les Arts i les Ci\u00e8ncies de Val\u00e8ncia. Edifici d&#8217;acc\u00e9s.&nbsp;C\/ Eduardo Primo Y\u00fafera (Cient\u00edfico), 1B, 46013 Valencia Del 2 d&#8217;abril al 31 de maig FOTOS EXPOSICI\u00d3<\/p>\n","protected":false},"author":3,"featured_media":0,"comment_status":"open","ping_status":"open","sticky":false,"template":"","format":"standard","meta":{"footnotes":""},"categories":[52],"tags":[],"class_list":["post-1856","post","type-post","status-publish","format-standard","hentry","category-sin-categoria-ca"],"_links":{"self":[{"href":"https:\/\/enricservera.com\/ca\/wp-json\/wp\/v2\/posts\/1856","targetHints":{"allow":["GET"]}}],"collection":[{"href":"https:\/\/enricservera.com\/ca\/wp-json\/wp\/v2\/posts"}],"about":[{"href":"https:\/\/enricservera.com\/ca\/wp-json\/wp\/v2\/types\/post"}],"author":[{"embeddable":true,"href":"https:\/\/enricservera.com\/ca\/wp-json\/wp\/v2\/users\/3"}],"replies":[{"embeddable":true,"href":"https:\/\/enricservera.com\/ca\/wp-json\/wp\/v2\/comments?post=1856"}],"version-history":[{"count":0,"href":"https:\/\/enricservera.com\/ca\/wp-json\/wp\/v2\/posts\/1856\/revisions"}],"wp:attachment":[{"href":"https:\/\/enricservera.com\/ca\/wp-json\/wp\/v2\/media?parent=1856"}],"wp:term":[{"taxonomy":"category","embeddable":true,"href":"https:\/\/enricservera.com\/ca\/wp-json\/wp\/v2\/categories?post=1856"},{"taxonomy":"post_tag","embeddable":true,"href":"https:\/\/enricservera.com\/ca\/wp-json\/wp\/v2\/tags?post=1856"}],"curies":[{"name":"wp","href":"https:\/\/api.w.org\/{rel}","templated":true}]}}