{"id":1824,"date":"2019-05-14T07:30:00","date_gmt":"2019-05-14T07:30:00","guid":{"rendered":""},"modified":"2020-07-20T15:59:48","modified_gmt":"2020-07-20T15:59:48","slug":"1824-2","status":"publish","type":"post","link":"https:\/\/enricservera.com\/ca\/1824-2\/","title":{"rendered":"Esposici\u00f3 LA MAR DE PEIXOS d\u2019Enric Servera, Centre C\u00edvic Pere Pruna"},"content":{"rendered":"<div style=\"clear: both; text-align: center;\"><a style=\"margin-left: 1em; margin-right: 1em;\" href=\"https:\/\/enricservera.com\/wp-content\/smush-webp\/2019\/05\/Postal-2Bdavant-2Bexpo-2BEnric-2BServera.jpg.webp\" data-smush-webp-fallback=\"{&quot;href&quot;:&quot;https:\\\/\\\/enricservera.com\\\/wp-content\\\/uploads\\\/2019\\\/05\\\/Postal-2Bdavant-2Bexpo-2BEnric-2BServera.jpg&quot;}\"><img decoding=\"async\" data-src=\"https:\/\/enricservera.com\/wp-content\/smush-webp\/2019\/05\/Postal-2Bdavant-2Bexpo-2BEnric-2BServera-600x420.jpg.webp\" width=\"640\" height=\"446\" border=\"0\" data-original-height=\"1118\" data-original-width=\"1600\" src=\"data:image\/gif;base64,R0lGODlhAQABAAAAACH5BAEKAAEALAAAAAABAAEAAAICTAEAOw==\" class=\"lazyload\" style=\"--smush-placeholder-width: 640px; --smush-placeholder-aspect-ratio: 640\/446;\" data-smush-webp-fallback=\"{&quot;data-src&quot;:&quot;https:\\\/\\\/enricservera.com\\\/wp-content\\\/uploads\\\/2019\\\/05\\\/Postal-2Bdavant-2Bexpo-2BEnric-2BServera-600x420.jpg&quot;}\" \/><\/a><\/div>\n<div style=\"clear: both; text-align: center;\"><a style=\"margin-left: 1em; margin-right: 1em;\" href=\"https:\/\/enricservera.com\/wp-content\/smush-webp\/2019\/05\/Postal-2Bdarrera-2Bexpo-2BEnric-2BServera.jpg.webp\" data-smush-webp-fallback=\"{&quot;href&quot;:&quot;https:\\\/\\\/enricservera.com\\\/wp-content\\\/uploads\\\/2019\\\/05\\\/Postal-2Bdarrera-2Bexpo-2BEnric-2BServera.jpg&quot;}\"><img decoding=\"async\" data-src=\"https:\/\/enricservera.com\/wp-content\/smush-webp\/2019\/05\/Postal-2Bdarrera-2Bexpo-2BEnric-2BServera-600x420.jpg.webp\" width=\"640\" height=\"446\" border=\"0\" data-original-height=\"1118\" data-original-width=\"1600\" src=\"data:image\/gif;base64,R0lGODlhAQABAAAAACH5BAEKAAEALAAAAAABAAEAAAICTAEAOw==\" class=\"lazyload\" style=\"--smush-placeholder-width: 640px; --smush-placeholder-aspect-ratio: 640\/446;\" data-smush-webp-fallback=\"{&quot;data-src&quot;:&quot;https:\\\/\\\/enricservera.com\\\/wp-content\\\/uploads\\\/2019\\\/05\\\/Postal-2Bdarrera-2Bexpo-2BEnric-2BServera-600x420.jpg&quot;}\" \/><\/a><\/div>\n<div style=\"line-height: normal; margin-bottom: 0cm;\"><span lang=\"CA\">Esposici\u00f3 <b>LA MAR DE PEIXOS<\/b> d\u2019Enric Servera<\/span><\/div>\n<div style=\"background: white; line-height: normal; margin-bottom: 0cm;\"><span lang=\"CA\">Inauguraci\u00f3: dijous, 23 de maig a les 20 h.\u00a0\u00a0\u00a0<\/span><\/div>\n<div style=\"background: white; line-height: normal; margin-bottom: 0cm;\"><span lang=\"CA\">Del 23 de maig al 7 de juny de 2019.<\/span><\/div>\n<div style=\"background: white; line-height: normal; margin-bottom: 0cm;\"><span lang=\"CA\" style=\"font-size: 10pt;\">Centre C\u00edvic Pere Pruna<\/span><\/div>\n<div style=\"background: white; line-height: normal; margin-bottom: 0cm;\"><span lang=\"CA\" style=\"font-size: 10pt;\">Ganduxer, 130 #barcelona tel. 934186537<\/span><\/div>\n<div style=\"background: white; line-height: normal; margin-bottom: 0cm;\"><span lang=\"CA\" style=\"font-size: 10pt;\">Obert de dilluns a divendres de 9:30 a 14h i de 16 a 21h<\/span><\/div>\n<div style=\"background: white; line-height: normal; margin-bottom: 0cm;\"><\/div>\n<div style=\"background: white; line-height: normal; margin-bottom: 0cm;\"><span lang=\"CA\">Aquesta mostra acull una selecci\u00f3 d&#8217;obres realitzades per l&#8217;artista<b>\u00a0Enric Servera,\u00a0<\/b>on el nexe de d&#8217;uni\u00f3 de les quals gira entorn el mar i el paisatge costaner. La s\u00e8rie preten captar l&#8217;ess\u00e8ncia del mar, honrar-lo i plasmar la seva riquesa tot i denunciant els atacs constants a l\u2019ecosistema i a la vegada generar consci\u00e8ncia als assistents de la import\u00e0ncia de preservar-lo. S&#8217;han utilitzat t\u00e8cniques mixtes, gravat i pintura.<\/span><\/div>\n<div style=\"background: white; line-height: normal; margin-bottom: 0cm;\"><\/div>\n<div style=\"background: white; line-height: normal; margin-bottom: 0cm;\"><b><span lang=\"CA\">Acci\u00f3 d\u2019art<\/span><\/b><span lang=\"CA\">:\u00a0dijous, 23 de maig, a les 19 h. \u2018CIUTAT DE PARELLA\u2019 a c\u00e0rrec d\u2019Eudaimonia Ensemble i Enric Servera. Veu Marta Ferr\u00e9. Places limitades cal inscripci\u00f3 pr\u00e8via.<\/span><\/div>\n<div style=\"background: white; border-bottom: solid windowtext 1.0pt; border: none; mso-border-bottom-alt: solid windowtext .75pt; mso-element: para-border-div; padding: 0cm 0cm 1.0pt 0cm;\">\n<div style=\"background-attachment: initial; background-clip: initial; background-image: initial; background-origin: initial; background-position: initial; background-repeat: initial; background-size: initial; border: none; line-height: 11.5pt; margin-bottom: 0.0001pt; padding: 0cm;\"><span lang=\"CA\">L\u2019acci\u00f3 art\u00edstica-musical CIUTAT DE PARELLA \u00e9s una reinterpretaci\u00f3 de la llegenda menorquina que t\u00e9 el mateix nom. Un relat fant\u00e0stic sobre una ciutat submergida per les aig\u00fces a causa de l&#8217;ambici\u00f3 de l&#8217;home, segons uns, o a causa de l&#8217;enveja i l&#8217;arrog\u00e0ncia, segons uns altres. Aix\u00f2 serveix de pretext per oferir una acci\u00f3 art\u00edstica visual i concert l\u00fadic, per\u00f2 a la vegada conscient de com els efectes del canvi clim\u00e0tic pot fer sobre el nostre poble o indret on vivim i com l\u2019empremta, de vegades irreversible, que les petites accions di\u00e0ries provoquen en el nostre planeta.\u00a0<\/span><\/div>\n<\/div>\n<div style=\"background: white; line-height: 11.5pt; margin-bottom: 0cm;\"><\/div>\n<div style=\"background: white; line-height: 11.5pt; margin-bottom: 0cm;\"><span lang=\"CA\" style=\"font-size: 10pt;\">Esta muestra acoge una selecci\u00f3n de obras realizadas por el artista Enric Servera, donde el nexo de de uni\u00f3n de las que gira en torno al mar y el paisaje costero. La serie pretende captar la esencia del mar, honrarlo y plasmar su riqueza aunque denunciando los ataques constantes al ecosistema y al mismo tiempo generar conciencia a los asistentes de la importancia de preservarlo. Se han utilizado t\u00e9cnicas mixtas, grabado y pintura.<\/span><\/div>\n<div style=\"background: white; line-height: 11.5pt; margin-bottom: 0cm;\"><\/div>\n<div style=\"background: white; line-height: 11.5pt; margin-bottom: 0cm;\"><span lang=\"CA\" style=\"font-size: 10pt;\">Acci\u00f3n de arte: jueves, 23 de mayo, a las 19 h. &#8216;CIUDAT DE PARELLA&#8217; a cargo de Eudaimonia Ensemble y Enric Servera. Voz Marta Ferr\u00e9. Plazas limitadas necesaria inscripci\u00f3n previa.<\/span><\/div>\n<div style=\"background: white; line-height: 11.5pt; margin-bottom: 0cm;\"><span lang=\"CA\" style=\"font-size: 10pt;\">La acci\u00f3n art\u00edstica-musical &#8216;CIUDAT DE PARELLA&#8217; es una reinterpretaci\u00f3n de la leyenda menorquina que tiene el mismo nombre. Un relato fant\u00e1stico sobre una ciudad sumergida por las aguas debido a la ambici\u00f3n del hombre, seg\u00fan unos, o debido a la envidia y la arrogancia, seg\u00fan otros. Esto sirve de pretexto para ofrecer una acci\u00f3n art\u00edstica visual y concierto l\u00fadico, pero a la vez consciente de c\u00f3mo los efectos del cambio clim\u00e1tico puede hacer sobre nuestro pueblo o lugar donde vivimos y como la huella, a veces irreversible, que las peque\u00f1as acciones diarias provocan en nuestro planeta.<\/span><\/div>\n<div style=\"clear: both; text-align: center;\"><\/div>\n","protected":false},"excerpt":{"rendered":"<p>Esposici\u00f3 LA MAR DE PEIXOS d\u2019Enric Servera Inauguraci\u00f3: dijous, 23 de maig a les 20 h.\u00a0\u00a0\u00a0 Del 23 de maig al 7 de juny de 2019. Centre C\u00edvic Pere Pruna Ganduxer, 130 #barcelona tel. 934186537 Obert de dilluns a divendres de 9:30 a 14h i de 16 a 21h Aquesta mostra acull una selecci\u00f3 d&#8217;obres [&hellip;]<\/p>\n","protected":false},"author":3,"featured_media":1915,"comment_status":"open","ping_status":"open","sticky":false,"template":"","format":"standard","meta":{"footnotes":""},"categories":[182,176,173,178,177,183,181,174,179,180,186,175,172,184,185],"tags":[],"class_list":["post-1824","post","type-post","status-publish","format-standard","has-post-thumbnail","hentry","category-actionart","category-actionpainting","category-art","category-arte","category-artwork","category-canviclimatic","category-ciutatdeparella","category-climatechange","category-contemporaryartwork","category-enricservera","category-exhibition","category-mar","category-menorca","category-painting","category-sustainableart"],"_links":{"self":[{"href":"https:\/\/enricservera.com\/ca\/wp-json\/wp\/v2\/posts\/1824","targetHints":{"allow":["GET"]}}],"collection":[{"href":"https:\/\/enricservera.com\/ca\/wp-json\/wp\/v2\/posts"}],"about":[{"href":"https:\/\/enricservera.com\/ca\/wp-json\/wp\/v2\/types\/post"}],"author":[{"embeddable":true,"href":"https:\/\/enricservera.com\/ca\/wp-json\/wp\/v2\/users\/3"}],"replies":[{"embeddable":true,"href":"https:\/\/enricservera.com\/ca\/wp-json\/wp\/v2\/comments?post=1824"}],"version-history":[{"count":2,"href":"https:\/\/enricservera.com\/ca\/wp-json\/wp\/v2\/posts\/1824\/revisions"}],"predecessor-version":[{"id":1953,"href":"https:\/\/enricservera.com\/ca\/wp-json\/wp\/v2\/posts\/1824\/revisions\/1953"}],"wp:featuredmedia":[{"embeddable":true,"href":"https:\/\/enricservera.com\/ca\/wp-json\/wp\/v2\/media\/1915"}],"wp:attachment":[{"href":"https:\/\/enricservera.com\/ca\/wp-json\/wp\/v2\/media?parent=1824"}],"wp:term":[{"taxonomy":"category","embeddable":true,"href":"https:\/\/enricservera.com\/ca\/wp-json\/wp\/v2\/categories?post=1824"},{"taxonomy":"post_tag","embeddable":true,"href":"https:\/\/enricservera.com\/ca\/wp-json\/wp\/v2\/tags?post=1824"}],"curies":[{"name":"wp","href":"https:\/\/api.w.org\/{rel}","templated":true}]}}