{"id":1611,"date":"2020-07-07T17:22:07","date_gmt":"2020-07-07T17:22:07","guid":{"rendered":"https:\/\/enricservera.com\/?p=1611"},"modified":"2020-07-07T17:38:58","modified_gmt":"2020-07-07T17:38:58","slug":"exposicio-la-mar-de-peixos","status":"publish","type":"post","link":"https:\/\/enricservera.com\/ca\/exposicio-la-mar-de-peixos\/","title":{"rendered":"Exposici\u00f3 LA MAR DE PEIXOS"},"content":{"rendered":"<div class=\"wp-block-image\"><figure class=\"aligncenter size-large is-resized\"><img decoding=\"async\" data-src=\"https:\/\/enricservera.com\/wp-content\/smush-webp\/2020\/07\/image-29-724x1024.jpg.webp\" alt=\"\" class=\"wp-image-1612 lazyload\" width=\"367\" height=\"518\" data-srcset=\"https:\/\/enricservera.com\/wp-content\/smush-webp\/2020\/07\/image-29-724x1024.jpg.webp 724w, https:\/\/enricservera.com\/wp-content\/smush-webp\/2020\/07\/image-29-300x424.jpg.webp 300w, https:\/\/enricservera.com\/wp-content\/smush-webp\/2020\/07\/image-29-600x849.jpg.webp 600w, https:\/\/enricservera.com\/wp-content\/smush-webp\/2020\/07\/image-29-424x600.jpg.webp 424w, https:\/\/enricservera.com\/wp-content\/smush-webp\/2020\/07\/image-29-768x1086.jpg.webp 768w, https:\/\/enricservera.com\/wp-content\/smush-webp\/2020\/07\/image-29-420x594.jpg.webp 420w, https:\/\/enricservera.com\/wp-content\/smush-webp\/2020\/07\/image-29.jpg.webp 842w\" data-sizes=\"(max-width: 367px) 100vw, 367px\" src=\"data:image\/gif;base64,R0lGODlhAQABAAAAACH5BAEKAAEALAAAAAABAAEAAAICTAEAOw==\" style=\"--smush-placeholder-width: 367px; --smush-placeholder-aspect-ratio: 367\/518;\" data-smush-webp-fallback=\"{&quot;data-src&quot;:&quot;https:\\\/\\\/enricservera.com\\\/wp-content\\\/uploads\\\/2020\\\/07\\\/image-29-724x1024.jpg&quot;,&quot;data-srcset&quot;:&quot;https:\\\/\\\/enricservera.com\\\/wp-content\\\/uploads\\\/2020\\\/07\\\/image-29-724x1024.jpg 724w, https:\\\/\\\/enricservera.com\\\/wp-content\\\/uploads\\\/2020\\\/07\\\/image-29-300x424.jpg 300w, https:\\\/\\\/enricservera.com\\\/wp-content\\\/uploads\\\/2020\\\/07\\\/image-29-600x849.jpg 600w, https:\\\/\\\/enricservera.com\\\/wp-content\\\/uploads\\\/2020\\\/07\\\/image-29-424x600.jpg 424w, https:\\\/\\\/enricservera.com\\\/wp-content\\\/uploads\\\/2020\\\/07\\\/image-29-768x1086.jpg 768w, https:\\\/\\\/enricservera.com\\\/wp-content\\\/uploads\\\/2020\\\/07\\\/image-29-420x594.jpg 420w, https:\\\/\\\/enricservera.com\\\/wp-content\\\/uploads\\\/2020\\\/07\\\/image-29.jpg 842w&quot;}\" \/><\/figure><\/div><h2 class=\"has-text-align-center wp-block-heading\">Centre d&#8217;Art i Cultura CA N&#8217;\u00c1NGEL<\/h2><p class=\"has-text-align-center\">Carrer Major, 2. Es Mercadal Del 2 al 15 d&#8217;agost. Obert d&#8217;11 a 13:30h i de 18:30 a 21h<\/p><p class=\"has-text-align-left\">En aquesta mostra hi ha una selecci\u00f3 d&#8217;obres realitzades per l&#8217;artista&nbsp;Enric&nbsp;Servera&nbsp;on el nexe d&#8217;uni\u00f3 gira al voltant de la mar i a l&#8217;paisatge costaner. Utilitza el mar com tela de fons per investigar la dualitat com a principi fonamental de l&#8217;exist\u00e8ncia, la trobada i la fusi\u00f3 dels contraris.<\/p><p>S&#8217;intueix en les obres, d&#8217;una banda, una ess\u00e8ncia d&#8217;un mar abstracte ple de vida, harmonia i moviment i d&#8217;altra banda l&#8217;abs\u00e8ncia de vida i la incertesa que, a causa de la petjada humana, la sobreexplotaci\u00f3, la contaminaci\u00f3 i l&#8217;escalfament global, aquest mitj\u00e0 pot trobar-se en un futur immediat.<\/p><p>Aquest joc de polaritats, el ple i el buit, el tot i el no res, el positiu i el negatiu, el b\u00e9 i el mal, la vida i la mort serveix com a reflexi\u00f3 i paradoxa conceptual per representar el que som i com actuem.<\/p>","protected":false},"excerpt":{"rendered":"<p>2 al 15 d\u2019agost 2020 &#8211; Baleares<\/p>\n","protected":false},"author":1,"featured_media":1550,"comment_status":"open","ping_status":"open","sticky":false,"template":"","format":"standard","meta":{"footnotes":""},"categories":[164],"tags":[],"class_list":["post-1611","post","type-post","status-publish","format-standard","has-post-thumbnail","hentry","category-exposicio"],"_links":{"self":[{"href":"https:\/\/enricservera.com\/ca\/wp-json\/wp\/v2\/posts\/1611","targetHints":{"allow":["GET"]}}],"collection":[{"href":"https:\/\/enricservera.com\/ca\/wp-json\/wp\/v2\/posts"}],"about":[{"href":"https:\/\/enricservera.com\/ca\/wp-json\/wp\/v2\/types\/post"}],"author":[{"embeddable":true,"href":"https:\/\/enricservera.com\/ca\/wp-json\/wp\/v2\/users\/1"}],"replies":[{"embeddable":true,"href":"https:\/\/enricservera.com\/ca\/wp-json\/wp\/v2\/comments?post=1611"}],"version-history":[{"count":6,"href":"https:\/\/enricservera.com\/ca\/wp-json\/wp\/v2\/posts\/1611\/revisions"}],"predecessor-version":[{"id":1622,"href":"https:\/\/enricservera.com\/ca\/wp-json\/wp\/v2\/posts\/1611\/revisions\/1622"}],"wp:featuredmedia":[{"embeddable":true,"href":"https:\/\/enricservera.com\/ca\/wp-json\/wp\/v2\/media\/1550"}],"wp:attachment":[{"href":"https:\/\/enricservera.com\/ca\/wp-json\/wp\/v2\/media?parent=1611"}],"wp:term":[{"taxonomy":"category","embeddable":true,"href":"https:\/\/enricservera.com\/ca\/wp-json\/wp\/v2\/categories?post=1611"},{"taxonomy":"post_tag","embeddable":true,"href":"https:\/\/enricservera.com\/ca\/wp-json\/wp\/v2\/tags?post=1611"}],"curies":[{"name":"wp","href":"https:\/\/api.w.org\/{rel}","templated":true}]}}